{"id":413,"date":"2016-06-06T13:52:06","date_gmt":"2016-06-06T11:52:06","guid":{"rendered":"http:\/\/berlinfueralle.org\/?p=413"},"modified":"2016-06-06T23:40:41","modified_gmt":"2016-06-06T21:40:41","slug":"413","status":"publish","type":"post","link":"https:\/\/berlinfueralle.org\/index.php\/2016\/06\/06\/413\/","title":{"rendered":"PM: Recht auf Stadt statt Schloss, ab ins Stadtschloss"},"content":{"rendered":"<div id=\"attachment_414\" style=\"width: 650px\" class=\"wp-caption alignright\"><img loading=\"lazy\" decoding=\"async\" aria-describedby=\"caption-attachment-414\" class=\"size-full wp-image-414\" src=\"http:\/\/berlinfueralle.org\/wp-content\/uploads\/2016\/06\/640px-Carrying_a_piano.jpg\" alt=\"Ein Piano zieht in Stadtschloss. Recht auf Stadt statt Schloss! Wohnraum f\u00c3\u00bcr Alle!\" width=\"640\" height=\"457\" \/><p id=\"caption-attachment-414\" class=\"wp-caption-text\"><span style=\"font-size: small;\">Ob wohl auch jemand ein Klavier mit zum Einzug ins Stadtschloss bringt?<br \/><a href=\" https:\/\/commons.wikimedia.org\/w\/index.php?curid=21730742\">Foto: <\/a> <a title=\"User:High Contrast\" href=\"\/\/commons.wikimedia.org\/wiki\/User:High_Contrast\">High Contrast<\/a> &#8211; <span class=\"int-own-work\">Selbst fotografiert<\/span>, <a title=\"Creative Commons Attribution 3.0 de\" href=\"http:\/\/creativecommons.org\/licenses\/by\/3.0\/de\/deed.en\">CC BY 3.0 de<\/a><\/span><\/p><\/div>\n<h2>Sozialwohnung statt Stadtschloss?<\/h2>\n<p><strong>Initiative \u00e2\u20ac\u017eBerlin f\u00c3\u00bcr Alle\u00e2\u20ac\u0153 feiert Umzugsparty in Mitte.<\/strong><\/p>\n<p>\u00e2\u20ac\u017eBringt Nierentisch und Ohrensessel, Stehlampe und Chaiselonge\u00e2\u20ac\u0153 heisst es im Aufruf des B\u00c3\u00bcndnis: \u00e2\u20ac\u017eBerlin f\u00c3\u00bcr Alle\u00e2\u20ac\u0153, die am kommenden Mittwoch zum Berliner Stadtschloss aufruft. Statt der Hohenzollernfassade w\u00c3\u00bcrden die AktivistInnen dort lieber Sozialwohnungen sehen, deshalb rufen sie zur symbolischen Einzugsparty auf.<br \/>\nDenn am 8. Juni trifft sich im Schloss-Rohbau der \u00e2\u20ac\u017eTag der Deutschen Immobilienwirtschaft\u00e2\u20ac\u0153 zum Networken, eine Lobbyorganisation der Vermieter. Unter dem Motto \u00e2\u20ac\u017eRecht auf Stadt statt Schloss \u00e2\u20ac\u201c Wohnzimmer statt Lobby\u00e2\u20ac\u0153 fordern die Protestierenden dagegen die Umwandlung des 590 Mio Euro teuren Schlosses in Sozialwohnungen.<\/p>\n<p><!--more--><\/p>\n<p>Witzbolde hatten schon im Vorfeld eine Wohnungsanzeige ausgegeben: \u00e2\u20ac\u017e3er WG- in Mitte mit 29.000 Quadratmetern sucht 627 Mitbewohner_innen\u00e2\u20ac\u0153 hie\u00c3\u0178 es auf einem Wohnungsportal im Internet, in Anspielung auf die drei Nutzer-Institutionen des zuk\u00c3\u00bcnftigen \u00e2\u20ac\u017eHumboldt-Forums\u00e2\u20ac\u0153, dessen Konzept immer noch unklar ist. Wie viel einfacher w\u00c3\u00a4re es doch, die Museen in Dahlem zu lassen und den Bau f\u00c3\u00bcr WG\u00c2\u00b4s und Familien zu \u00c3\u00b6ffnen!<\/p>\n<p>Das Anliegen des B\u00c3\u00bcndnis, ist jedoch weiter gefasst, so Aktivist Ralph Neumann:<\/p>\n<blockquote><p>\u00e2\u20ac\u017eNach wie vor fehlen in Berlin jedes Jahr \u00c3\u00bcber 10.000 Wohnungen. Was von der sogenannten Immobilienwirtschaft gebaut wird, ist zu teuer und heizt die Preisspirale noch an. Das aus dem Mietenvolksentscheid entstandene Abfanggesetz reicht nicht aus, um diese Baul\u00c3\u00bccke zu f\u00c3\u00bcllen &#8211; wir fordern daher ein neues Wohnungsbauprogramm in 100% kommunalem Eigentum.\u00e2\u20ac\u0153<\/p><\/blockquote>\n<p>Umrisse dazu sollen auf der Kundgebung vorgestellt werden. Umf\u00c3\u00a4nglich diskutiert werden die Forderungen und Konzepte dann bei einem \u00e2\u20ac\u017eWohnungspolitischen Streitgespr\u00c3\u00a4ch\u00e2\u20ac\u0153 am 16.06. um 19:00 im Haus der Demokratie und Menschenrechte.<\/p>\n<p><strong>Wer verbirgt sich hinter \u00e2\u20ac\u017eBerlin f\u00c3\u00bcr Alle\u00e2\u20ac\u0153?<\/strong><br \/>\nDas B\u00c3\u00bcndnis ist seit Anfang des Jahres aktiv, seit einer Stadtpolitischen Konferenz im Februar arbeiten dort auch Aktive des Berliner Mietenvolksentscheids mit. \u00e2\u20ac\u017eUnsere Stadt hat keine Fl\u00c3\u00bcchtlingskrise, sondern ist kaputtgespart\u00e2\u20ac\u0153, lautete eine Kernausage des B\u00c3\u00bcndnis. Es fordert ein Ende der \u00e2\u20ac\u017eKommunalen Austerit\u00c3\u00a4t\u00e2\u20ac\u0153, statt Privatisierung und Sparpolitik den Neuaufbau einer sozialen Infrastruktur f\u00c3\u00bcr Gefl\u00c3\u00bcchtete und Alteingesessene gleicherma\u00c3\u0178en \u00e2\u20ac\u201c ein soziales Berlin f\u00c3\u00bcr alle soll der rassistischen Spaltung von AfD und Konsorten entgegengesetzt werden. Das B\u00c3\u00bcndnis verfolgt verschiedene Projekte: Neben \u00e2\u20ac\u017eWohnraum f\u00c3\u00bcr Alle\u00e2\u20ac\u0153 unter anderem auch das Projekt \u00e2\u20ac\u017eGesundheit f\u00c3\u00bcr Alle\u00e2\u20ac\u0153.<\/p>\n<p><strong>Ort und Zeit:<\/strong><br \/>\n8. Juni 2016, 19:00Uhr am Schlossplatz 5, Berlin Mitte (Ecke Schlossplatz\/Werderscher Markt, vor der ESMT)<\/p>\n<p><strong>Wohnungspolitisches Streitgespr\u00c3\u00a4ch:<\/strong><br \/>\n16. Juni 2016, Robert-Havemann-Saal, Haus der Demokratie und Menschenrechte, Greifswalderstra\u00c3\u0178e 4<\/p>\n<p><strong>Online:<\/strong><\/p>\n<ul>\n<li>Webseite des B\u00c3\u00bcndnis: http:\/\/berlinfueralle.org\/<\/li>\n<li>Recht auf Stadt statt Schloss: https:\/\/www.facebook.com\/events\/470265519850839\/<\/li>\n<li>Wohnungspolitisches Streitgespr\u00c3\u00a4ch: https:\/\/www.facebook.com\/events\/738916232877540\/<\/li>\n<\/ul>\n<p><strong>Kontakt:<\/strong><\/p>\n<ul>\n<li>Mail: kontak(at)berlinfueralle.org<br \/>\nPressehandy auf Anfrage<\/li>\n<\/ul>\n","protected":false},"excerpt":{"rendered":"<p>Sozialwohnung statt Stadtschloss? Initiative \u00e2\u20ac\u017eBerlin f\u00c3\u00bcr Alle\u00e2\u20ac\u0153 feiert Umzugsparty in Mitte. \u00e2\u20ac\u017eBringt Nierentisch und Ohrensessel, Stehlampe und Chaiselonge\u00e2\u20ac\u0153 heisst es im Aufruf des B\u00c3\u00bcndnis: \u00e2\u20ac\u017eBerlin f\u00c3\u00bcr Alle\u00e2\u20ac\u0153, die am kommenden Mittwoch zum Berliner Stadtschloss aufruft. Statt der Hohenzollernfassade w\u00c3\u00bcrden die &hellip; <a href=\"https:\/\/berlinfueralle.org\/index.php\/2016\/06\/06\/413\/\">Continue reading <span class=\"meta-nav\">&rarr;<\/span><\/a><\/p>\n","protected":false},"author":8,"featured_media":0,"comment_status":"open","ping_status":"open","sticky":false,"template":"","format":"standard","meta":{"footnotes":""},"categories":[21],"tags":[41,27,26,23,22,29,24],"class_list":["post-413","post","type-post","status-publish","format-standard","hentry","category-wohnraum-fur-alle","tag-stattschloss","tag-kommunaler-wohnungsbau","tag-prestigeprojekte","tag-sozialwohnungen","tag-stadtschloss","tag-tag-der-immobilienwirtschaft","tag-wohnraum-fur-alle"],"_links":{"self":[{"href":"https:\/\/berlinfueralle.org\/index.php\/wp-json\/wp\/v2\/posts\/413"}],"collection":[{"href":"https:\/\/berlinfueralle.org\/index.php\/wp-json\/wp\/v2\/posts"}],"about":[{"href":"https:\/\/berlinfueralle.org\/index.php\/wp-json\/wp\/v2\/types\/post"}],"author":[{"embeddable":true,"href":"https:\/\/berlinfueralle.org\/index.php\/wp-json\/wp\/v2\/users\/8"}],"replies":[{"embeddable":true,"href":"https:\/\/berlinfueralle.org\/index.php\/wp-json\/wp\/v2\/comments?post=413"}],"version-history":[{"count":4,"href":"https:\/\/berlinfueralle.org\/index.php\/wp-json\/wp\/v2\/posts\/413\/revisions"}],"predecessor-version":[{"id":418,"href":"https:\/\/berlinfueralle.org\/index.php\/wp-json\/wp\/v2\/posts\/413\/revisions\/418"}],"wp:attachment":[{"href":"https:\/\/berlinfueralle.org\/index.php\/wp-json\/wp\/v2\/media?parent=413"}],"wp:term":[{"taxonomy":"category","embeddable":true,"href":"https:\/\/berlinfueralle.org\/index.php\/wp-json\/wp\/v2\/categories?post=413"},{"taxonomy":"post_tag","embeddable":true,"href":"https:\/\/berlinfueralle.org\/index.php\/wp-json\/wp\/v2\/tags?post=413"}],"curies":[{"name":"wp","href":"https:\/\/api.w.org\/{rel}","templated":true}]}}